{"id":8595,"date":"2025-12-08T21:14:13","date_gmt":"2025-12-08T20:14:13","guid":{"rendered":"https:\/\/stadtteilschule-eidelstedt.hamburg.de\/?p=8595"},"modified":"2025-12-08T21:15:09","modified_gmt":"2025-12-08T20:15:09","slug":"winterzauber-musik-zur-weihnachtszeit","status":"publish","type":"post","link":"https:\/\/stadtteilschule-eidelstedt.hamburg.de\/?p=8595","title":{"rendered":"Winterzauber \u2013 Musik zur Weihnachtszeit"},"content":{"rendered":"<p data-start=\"118\" data-end=\"231\">Die Musikfachschaft der Stadtteilschule Eidelstedt l\u00e4dt herzlich zum diesj\u00e4hrigen Konzert <strong data-start=\"208\" data-end=\"226\">\u201eWinterzauber\u201c<\/strong> ein.<\/p>\n<p data-start=\"233\" data-end=\"519\">Am <strong data-start=\"236\" data-end=\"270\">15. Dezember 2025 um 18:00 Uhr<\/strong> verwandelt sich der <strong data-start=\"291\" data-end=\"319\">Musikraum am Niekampsweg<\/strong> in einen stimmungsvollen Konzertsaal. Sch\u00fclerinnen und Sch\u00fcler pr\u00e4sentieren ein vielf\u00e4ltiges musikalisches Programm rund um die Weihnachtszeit \u2013 von klassischen St\u00fccken bis hin zu modernen Beitr\u00e4gen.<\/p>\n<p data-start=\"521\" data-end=\"678\">Das Konzert bietet eine wunderbare Gelegenheit, das Jahr gemeinsam musikalisch ausklingen zu lassen und die besondere Atmosph\u00e4re der Adventszeit zu genie\u00dfen.<\/p>\n<p data-start=\"680\" data-end=\"808\">Alle Mitglieder der Schulgemeinschaft sowie Familien und Freunde sind herzlich eingeladen, diesen besonderen Abend mitzuerleben.<\/p>\n<p data-start=\"810\" data-end=\"840\">Wir freuen uns auf Ihr Kommen!<\/p>\n<p data-start=\"810\" data-end=\"840\"><a href=\"https:\/\/stadtteilschule-eidelstedt.hamburg.de\/wp-content\/uploads\/sites\/726\/2025\/12\/Plakat.jpg\" data-rel=\"lightbox\" data-rl_title=\"\" data-rl_caption=\"\" title=\"\"><img loading=\"lazy\" decoding=\"async\" class=\"alignnone size-medium wp-image-8597\" src=\"https:\/\/stadtteilschule-eidelstedt.hamburg.de\/wp-content\/uploads\/sites\/726\/2025\/12\/Plakat-243x300.jpg\" alt=\"\" width=\"243\" height=\"300\" srcset=\"https:\/\/stadtteilschule-eidelstedt.hamburg.de\/wp-content\/uploads\/sites\/726\/2025\/12\/Plakat-243x300.jpg 243w, https:\/\/stadtteilschule-eidelstedt.hamburg.de\/wp-content\/uploads\/sites\/726\/2025\/12\/Plakat-829x1024.jpg 829w, https:\/\/stadtteilschule-eidelstedt.hamburg.de\/wp-content\/uploads\/sites\/726\/2025\/12\/Plakat-768x949.jpg 768w, https:\/\/stadtteilschule-eidelstedt.hamburg.de\/wp-content\/uploads\/sites\/726\/2025\/12\/Plakat-1243x1536.jpg 1243w, https:\/\/stadtteilschule-eidelstedt.hamburg.de\/wp-content\/uploads\/sites\/726\/2025\/12\/Plakat.jpg 1295w\" sizes=\"auto, (max-width: 243px) 100vw, 243px\" \/><\/a><\/p>\n","protected":false},"excerpt":{"rendered":"<p>Die Musikfachschaft der Stadtteilschule Eidelstedt l\u00e4dt herzlich zum diesj\u00e4hrigen Konzert \u201eWinterzauber\u201c ein.<br \/>\nAm 15. Dezember 2025 um 18:00 Uhr verwandelt sich der&#8230;<\/p>\n","protected":false},"author":1983,"featured_media":8596,"comment_status":"closed","ping_status":"closed","sticky":false,"template":"","format":"standard","meta":{"_acf_changed":false,"footnotes":""},"categories":[1],"tags":[],"class_list":["post-8595","post","type-post","status-publish","format-standard","has-post-thumbnail","hentry","category-allgemein"],"acf":[],"_links":{"self":[{"href":"https:\/\/stadtteilschule-eidelstedt.hamburg.de\/index.php?rest_route=\/wp\/v2\/posts\/8595","targetHints":{"allow":["GET"]}}],"collection":[{"href":"https:\/\/stadtteilschule-eidelstedt.hamburg.de\/index.php?rest_route=\/wp\/v2\/posts"}],"about":[{"href":"https:\/\/stadtteilschule-eidelstedt.hamburg.de\/index.php?rest_route=\/wp\/v2\/types\/post"}],"author":[{"embeddable":true,"href":"https:\/\/stadtteilschule-eidelstedt.hamburg.de\/index.php?rest_route=\/wp\/v2\/users\/1983"}],"replies":[{"embeddable":true,"href":"https:\/\/stadtteilschule-eidelstedt.hamburg.de\/index.php?rest_route=%2Fwp%2Fv2%2Fcomments&post=8595"}],"version-history":[{"count":3,"href":"https:\/\/stadtteilschule-eidelstedt.hamburg.de\/index.php?rest_route=\/wp\/v2\/posts\/8595\/revisions"}],"predecessor-version":[{"id":8601,"href":"https:\/\/stadtteilschule-eidelstedt.hamburg.de\/index.php?rest_route=\/wp\/v2\/posts\/8595\/revisions\/8601"}],"wp:featuredmedia":[{"embeddable":true,"href":"https:\/\/stadtteilschule-eidelstedt.hamburg.de\/index.php?rest_route=\/wp\/v2\/media\/8596"}],"wp:attachment":[{"href":"https:\/\/stadtteilschule-eidelstedt.hamburg.de\/index.php?rest_route=%2Fwp%2Fv2%2Fmedia&parent=8595"}],"wp:term":[{"taxonomy":"category","embeddable":true,"href":"https:\/\/stadtteilschule-eidelstedt.hamburg.de\/index.php?rest_route=%2Fwp%2Fv2%2Fcategories&post=8595"},{"taxonomy":"post_tag","embeddable":true,"href":"https:\/\/stadtteilschule-eidelstedt.hamburg.de\/index.php?rest_route=%2Fwp%2Fv2%2Ftags&post=8595"}],"curies":[{"name":"wp","href":"https:\/\/api.w.org\/{rel}","templated":true}]}}